{"id":117621,"date":"2026-03-27T04:20:41","date_gmt":"2026-03-27T03:20:41","guid":{"rendered":"https:\/\/snlegal.hu\/?p=117621"},"modified":"2026-08-31T12:08:54","modified_gmt":"2026-08-31T11:08:54","slug":"wie-modernes-wohnen-im-alter-mit-gemeinschaft-und-individualitat-hand-in-hand-geht","status":"publish","type":"post","link":"https:\/\/snlegal.hu\/en\/wie-modernes-wohnen-im-alter-mit-gemeinschaft-und-individualitat-hand-in-hand-geht\/","title":{"rendered":"Wie modernes Wohnen im Alter mit Gemeinschaft und Individualit\u00e4t Hand in Hand geht"},"content":{"rendered":"<p>Alt werden ist f\u00fcr viele ein Thema, das mit Unsicherheiten verbunden ist. Fragen wie \u201eWo m\u00f6chte ich leben, wenn ich nicht mehr so mobil bin?\u201c oder \u201eWie bleibe ich trotz Ver\u00e4nderungen aktiv und selbstbestimmt?\u201c besch\u00e4ftigen viele Menschen, die an ihre Zukunft denken. Eine Kombination aus individueller Freiheit und sozialem Miteinander kann hier viel bewirken. Einrichtungen, die solche L\u00f6sungsans\u00e4tze bieten, sollten deshalb mehr als nur Pflege bieten \u2013 sie m\u00fcssen ein Zuhause schaffen.<\/p>\n<p>Der Weg, wie wir uns das Leben im Alter vorstellen, ver\u00e4ndert sich st\u00e4ndig. Die Digitalisierung hilft, diese Chancen zu erweitern und traditionelle Pflegeheime neu zu gestalten. Nat\u00fcrlich bleibt die pers\u00f6nliche Betreuung zentral, doch der Fokus auf Gemeinschaft und Aktivit\u00e4t w\u00e4chst best\u00e4ndig. Ein gutes Beispiel daf\u00fcr findet sich auf <a href=\"https:\/\/st-hubertusstiftde.com\/\">St. Hubertus-Stift online<\/a>, wo moderne Konzepte f\u00fcr seniorengerechtes Wohnen vorgestellt werden.<\/p>\n<h2>Heute aktiv bleiben, auch mit weniger Bewegung<\/h2>\n<p>Bewegung ist f\u00fcr \u00e4ltere Menschen enorm wichtig. Nicht nur f\u00fcr die k\u00f6rperliche Gesundheit, sondern auch, um geistig fit zu bleiben. Doch nicht jeder kann oder will t\u00e4glich lange Spazierg\u00e4nge machen. Stattdessen gibt es Programme, die an die individuellen Bed\u00fcrfnisse angepasst sind. Gemeinsame Gymnastikstunden, kreative Workshops oder kleine Gartenaktivit\u00e4ten unterst\u00fctzen das Wohlbefinden und f\u00f6rdern den Austausch untereinander.<\/p>\n<h2>Individuelle Wohnformen als Alternative zum klassischen Pflegeheim<\/h2>\n<p>Das Bild vom sterilen Pflegeheim ist \u00fcberholt. Immer mehr Senioren bevorzugen altersgerechte Wohnungen mit eigenem R\u00fcckzugsort. Gleichzeitig sch\u00e4tzen sie Angebote, die das soziale Leben bereichern. Diese Kombination entsteht durch gemeinschaftliche Bereiche zum Verweilen, Caf\u00e9s oder Begegnungspl\u00e4tze. Die Wohnformen geben Freiheit, ohne Einsamkeit zu f\u00f6rdern.<\/p>\n<h2>Technik, die im Alltag unterst\u00fctzt und Sicherheit bietet<\/h2>\n<p>Seniorenwohnen profitiert heute stark von technischen Hilfsmitteln. Sensoren k\u00f6nnen St\u00fcrze erkennen, Notrufsysteme bieten schnelle Hilfe. Gleichzeitig vereinfachen smarte Ger\u00e4te den Alltag, sei es durch automatische Beleuchtung oder verst\u00e4ndliche Kommunikationsmittel. Damit bleiben Nutzer unabh\u00e4ngig und k\u00f6nnen auch mit gesundheitlichen Einschr\u00e4nkungen selbst bestimmen, wie sie ihren Tagesablauf gestalten.<\/p>\n<h2>Wie soziale Kontakte die Lebensqualit\u00e4t steigern<\/h2>\n<p>Soziale Isolation ist ein gro\u00dfes Thema bei \u00e4lteren Menschen. Gemeinschaftliche Aktivit\u00e4ten und regelm\u00e4\u00dfige Begegnungen wirken dem entgegen. Das k\u00f6nnen nur kleine Dinge sein, wie ein gemeinsames Kaffeetrinken, Gespr\u00e4chskreise oder gemeinsames Spielen. Solche Angebote geben Halt und f\u00f6rdern das Gef\u00fchl, gebraucht zu werden. Schlie\u00dflich sind Menschen soziale Wesen, die im Alter oft neue Freundschaften schlie\u00dfen.<\/p>\n<h2>Welche Rolle das Umfeld spielt<\/h2>\n<p>Die Umgebung tr\u00e4gt viel zur Zufriedenheit bei. Ein ansprechendes, nat\u00fcrlich gestaltetes Umfeld kann genauso wichtig sein wie die Ausstattung im Inneren. G\u00e4rten mit Sitzpl\u00e4tzen, Pfade zum Spazieren oder eine Ruhezone inmitten der Anlage bieten R\u00fcckzug und Entspannung. Wer die M\u00f6glichkeit hat, mit einem Buch im Gr\u00fcnen zu sitzen oder den V\u00f6geln zuzuh\u00f6ren, f\u00fchlt sich im Alltag besser.<\/p>\n<h2>Was bei der Wahl der passenden Einrichtung helfen kann<\/h2>\n<p>Die Entscheidung f\u00fcr einen neuen Lebensmittelpunkt f\u00e4llt nicht leicht. Konkret hilft es, sich vorher verschiedene Modelle anzuschauen. Welche Angebote f\u00fcr Aktivit\u00e4ten gibt es? Wie wird die Betreuung organisiert? Sind die Gemeinschaftsr\u00e4ume ansprechend? Manche Einrichtungen bieten auch Probezeiten an, damit man das Wohnkonzept kennenlernen kann, bevor man sich festlegt.<\/p>\n<ul>\n<li>Informieren Sie sich fr\u00fchzeitig und sammeln Sie viele Eindr\u00fccke.<\/li>\n<li>Fragen Sie nach den Tagesabl\u00e4ufen und beteiligen Sie sich an Veranstaltungen.<\/li>\n<li>Reden Sie \u00fcber Erwartungen und W\u00fcnsche offen.<\/li>\n<li>Besuchen Sie unterschiedliche Wohnformen, um den passenden Stil zu finden.<\/li>\n<li>Pr\u00fcfen Sie technische und medizinische Unterst\u00fctzung vor Ort.<\/li>\n<\/ul>\n<blockquote><p>\u201eDas Alter ist nicht die Zeit des Endes, sondern der Neuorientierung und selbsterhaltenden Gemeinschaft.\u201c<\/p><\/blockquote>\n<p>Altersgerechtes Wohnen sollte heute mehr sein als Pflege und Sicherheit. Der soziale Austausch, Aktivit\u00e4ten und ein lebendiges Umfeld brauchen Raum. Denn darin entsteht ein starkes Gef\u00fchl von Zuhause \u2013 weit \u00fcber die vier W\u00e4nde hinaus. Einrichtungen wie das St. Hubertus-Stift zeigen mit modernen und vielf\u00e4ltigen Konzepten, wie diese Balance gelingen kann. So wird Ankommen im Alter zu einem Schritt in eine neue, lebendige Phase.<\/p>","protected":false},"excerpt":{"rendered":"<p>Alt werden ist f\u00fcr viele ein Thema, das mit Unsicherheiten verbunden ist. Fragen wie \u201eWo m\u00f6chte ich leben, wenn ich nicht mehr so mobil bin?\u201c oder \u201eWie bleibe ich trotz Ver\u00e4nderungen aktiv und selbstbestimmt?\u201c besch\u00e4ftigen viele Menschen, die an ihre Zukunft denken. Eine Kombination aus individueller Freiheit und sozialem Miteinander kann hier viel bewirken. Einrichtungen, &#8230; <a title=\"Wie modernes Wohnen im Alter mit Gemeinschaft und Individualit\u00e4t Hand in Hand geht\" class=\"read-more\" href=\"https:\/\/snlegal.hu\/en\/wie-modernes-wohnen-im-alter-mit-gemeinschaft-und-individualitat-hand-in-hand-geht\/\" aria-label=\"Read more about Wie modernes Wohnen im Alter mit Gemeinschaft und Individualit\u00e4t Hand in Hand geht\">Read more<\/a><\/p>","protected":false},"author":4,"featured_media":0,"comment_status":"closed","ping_status":"closed","sticky":false,"template":"","format":"standard","meta":{"footnotes":""},"categories":[1],"tags":[],"class_list":["post-117621","post","type-post","status-publish","format-standard","hentry","category-uncategorized"],"yoast_head":"<!-- This site is optimized with the Yoast SEO Premium plugin v28.2 (Yoast SEO v28.2) - https:\/\/yoast.com\/product\/yoast-seo-premium-wordpress\/ -->\n<title>Wie modernes Wohnen im Alter mit Gemeinschaft und Individualit\u00e4t Hand in Hand geht - Dr. Sim\u00e1nyi Zsolt &amp; Dr. N\u00e9very P\u00e9ter \u00dcgyv\u00e9di T\u00e1rsul\u00e1s<\/title>\n<meta name=\"robots\" content=\"index, follow, max-snippet:-1, max-image-preview:large, max-video-preview:-1\" \/>\n<link rel=\"canonical\" href=\"https:\/\/snlegal.hu\/en\/wie-modernes-wohnen-im-alter-mit-gemeinschaft-und-individualitat-hand-in-hand-geht\/\" \/>\n<meta property=\"og:locale\" content=\"en_GB\" \/>\n<meta property=\"og:type\" content=\"article\" \/>\n<meta property=\"og:title\" content=\"Wie modernes Wohnen im Alter mit Gemeinschaft und Individualit\u00e4t Hand in Hand geht\" \/>\n<meta property=\"og:description\" content=\"Alt werden ist f\u00fcr viele ein Thema, das mit Unsicherheiten verbunden ist. Fragen wie \u201eWo m\u00f6chte ich leben, wenn ich nicht mehr so mobil bin?\u201c oder \u201eWie bleibe ich trotz Ver\u00e4nderungen aktiv und selbstbestimmt?\u201c besch\u00e4ftigen viele Menschen, die an ihre Zukunft denken. Eine Kombination aus individueller Freiheit und sozialem Miteinander kann hier viel bewirken. Einrichtungen, ... Read more\" \/>\n<meta property=\"og:url\" content=\"https:\/\/snlegal.hu\/en\/wie-modernes-wohnen-im-alter-mit-gemeinschaft-und-individualitat-hand-in-hand-geht\/\" \/>\n<meta property=\"og:site_name\" content=\"Dr. Sim\u00e1nyi Zsolt &amp; Dr. N\u00e9very P\u00e9ter \u00dcgyv\u00e9di T\u00e1rsul\u00e1s\" \/>\n<meta property=\"article:published_time\" content=\"2026-03-27T03:20:41+00:00\" \/>\n<meta property=\"article:modified_time\" content=\"2026-08-31T11:08:54+00:00\" \/>\n<meta name=\"author\" content=\"Nx_6ab509f5329c\" \/>\n<meta name=\"twitter:card\" content=\"summary_large_image\" \/>\n<meta name=\"twitter:label1\" content=\"Written by\" \/>\n\t<meta name=\"twitter:data1\" content=\"Nx_6ab509f5329c\" \/>\n\t<meta name=\"twitter:label2\" content=\"Estimated reading time\" \/>\n\t<meta name=\"twitter:data2\" content=\"3 minutes\" \/>\n<script type=\"application\/ld+json\" class=\"yoast-schema-graph\">{\"@context\":\"https:\\\/\\\/schema.org\",\"@graph\":[{\"@type\":\"Article\",\"@id\":\"https:\\\/\\\/snlegal.hu\\\/wie-modernes-wohnen-im-alter-mit-gemeinschaft-und-individualitat-hand-in-hand-geht\\\/#article\",\"isPartOf\":{\"@id\":\"https:\\\/\\\/snlegal.hu\\\/wie-modernes-wohnen-im-alter-mit-gemeinschaft-und-individualitat-hand-in-hand-geht\\\/\"},\"author\":{\"name\":\"Nx_6ab509f5329c\",\"@id\":\"https:\\\/\\\/snlegal.hu\\\/#\\\/schema\\\/person\\\/520ecdccb9e03db4513835073149424a\"},\"headline\":\"Wie modernes Wohnen im Alter mit Gemeinschaft und Individualit\u00e4t Hand in Hand geht\",\"datePublished\":\"2026-03-27T03:20:41+00:00\",\"dateModified\":\"2026-08-31T11:08:54+00:00\",\"mainEntityOfPage\":{\"@id\":\"https:\\\/\\\/snlegal.hu\\\/wie-modernes-wohnen-im-alter-mit-gemeinschaft-und-individualitat-hand-in-hand-geht\\\/\"},\"wordCount\":686,\"articleSection\":[\"Uncategorized\"],\"inLanguage\":\"en-GB\"},{\"@type\":\"WebPage\",\"@id\":\"https:\\\/\\\/snlegal.hu\\\/wie-modernes-wohnen-im-alter-mit-gemeinschaft-und-individualitat-hand-in-hand-geht\\\/\",\"url\":\"https:\\\/\\\/snlegal.hu\\\/wie-modernes-wohnen-im-alter-mit-gemeinschaft-und-individualitat-hand-in-hand-geht\\\/\",\"name\":\"Wie modernes Wohnen im Alter mit Gemeinschaft und Individualit\u00e4t Hand in Hand geht - Dr. Sim\u00e1nyi Zsolt &amp; Dr. N\u00e9very P\u00e9ter \u00dcgyv\u00e9di T\u00e1rsul\u00e1s\",\"isPartOf\":{\"@id\":\"https:\\\/\\\/snlegal.hu\\\/#website\"},\"datePublished\":\"2026-03-27T03:20:41+00:00\",\"dateModified\":\"2026-08-31T11:08:54+00:00\",\"author\":{\"@id\":\"https:\\\/\\\/snlegal.hu\\\/#\\\/schema\\\/person\\\/520ecdccb9e03db4513835073149424a\"},\"breadcrumb\":{\"@id\":\"https:\\\/\\\/snlegal.hu\\\/wie-modernes-wohnen-im-alter-mit-gemeinschaft-und-individualitat-hand-in-hand-geht\\\/#breadcrumb\"},\"inLanguage\":\"en-GB\",\"potentialAction\":[{\"@type\":\"ReadAction\",\"target\":[\"https:\\\/\\\/snlegal.hu\\\/wie-modernes-wohnen-im-alter-mit-gemeinschaft-und-individualitat-hand-in-hand-geht\\\/\"]}]},{\"@type\":\"BreadcrumbList\",\"@id\":\"https:\\\/\\\/snlegal.hu\\\/wie-modernes-wohnen-im-alter-mit-gemeinschaft-und-individualitat-hand-in-hand-geht\\\/#breadcrumb\",\"itemListElement\":[{\"@type\":\"ListItem\",\"position\":1,\"name\":\"Kezd\u0151lap\",\"item\":\"https:\\\/\\\/snlegal.hu\\\/\"},{\"@type\":\"ListItem\",\"position\":2,\"name\":\"Wie modernes Wohnen im Alter mit Gemeinschaft und Individualit\u00e4t Hand in Hand geht\"}]},{\"@type\":\"WebSite\",\"@id\":\"https:\\\/\\\/snlegal.hu\\\/#website\",\"url\":\"https:\\\/\\\/snlegal.hu\\\/\",\"name\":\"Dr. Sim\u00e1nyi Zsolt &amp; Dr. N\u00e9very P\u00e9ter \u00dcgyv\u00e9di T\u00e1rsul\u00e1s\",\"description\":\"\",\"potentialAction\":[{\"@type\":\"SearchAction\",\"target\":{\"@type\":\"EntryPoint\",\"urlTemplate\":\"https:\\\/\\\/snlegal.hu\\\/?s={search_term_string}\"},\"query-input\":{\"@type\":\"PropertyValueSpecification\",\"valueRequired\":true,\"valueName\":\"search_term_string\"}}],\"inLanguage\":\"en-GB\"},{\"@type\":\"Person\",\"@id\":\"https:\\\/\\\/snlegal.hu\\\/#\\\/schema\\\/person\\\/520ecdccb9e03db4513835073149424a\",\"name\":\"Nx_6ab509f5329c\",\"image\":{\"@type\":\"ImageObject\",\"inLanguage\":\"en-GB\",\"@id\":\"https:\\\/\\\/secure.gravatar.com\\\/avatar\\\/e3ab292c1422dd8df62f2869cd6a692fd6112b5c779024081e9afffba3d59505?s=96&d=mm&r=g\",\"url\":\"https:\\\/\\\/secure.gravatar.com\\\/avatar\\\/e3ab292c1422dd8df62f2869cd6a692fd6112b5c779024081e9afffba3d59505?s=96&d=mm&r=g\",\"contentUrl\":\"https:\\\/\\\/secure.gravatar.com\\\/avatar\\\/e3ab292c1422dd8df62f2869cd6a692fd6112b5c779024081e9afffba3d59505?s=96&d=mm&r=g\",\"caption\":\"Nx_6ab509f5329c\"},\"url\":\"https:\\\/\\\/snlegal.hu\\\/en\\\/author\\\/nx_6ab509f5329c\\\/\"}]}<\/script>\n<!-- \/ Yoast SEO Premium plugin. -->","yoast_head_json":{"title":"Wie modernes Wohnen im Alter mit Gemeinschaft und Individualit\u00e4t Hand in Hand geht - Dr. Sim\u00e1nyi Zsolt &amp; Dr. N\u00e9very P\u00e9ter \u00dcgyv\u00e9di T\u00e1rsul\u00e1s","robots":{"index":"index","follow":"follow","max-snippet":"max-snippet:-1","max-image-preview":"max-image-preview:large","max-video-preview":"max-video-preview:-1"},"canonical":"https:\/\/snlegal.hu\/en\/wie-modernes-wohnen-im-alter-mit-gemeinschaft-und-individualitat-hand-in-hand-geht\/","og_locale":"en_GB","og_type":"article","og_title":"Wie modernes Wohnen im Alter mit Gemeinschaft und Individualit\u00e4t Hand in Hand geht","og_description":"Alt werden ist f\u00fcr viele ein Thema, das mit Unsicherheiten verbunden ist. Fragen wie \u201eWo m\u00f6chte ich leben, wenn ich nicht mehr so mobil bin?\u201c oder \u201eWie bleibe ich trotz Ver\u00e4nderungen aktiv und selbstbestimmt?\u201c besch\u00e4ftigen viele Menschen, die an ihre Zukunft denken. Eine Kombination aus individueller Freiheit und sozialem Miteinander kann hier viel bewirken. Einrichtungen, ... Read more","og_url":"https:\/\/snlegal.hu\/en\/wie-modernes-wohnen-im-alter-mit-gemeinschaft-und-individualitat-hand-in-hand-geht\/","og_site_name":"Dr. Sim\u00e1nyi Zsolt &amp; Dr. N\u00e9very P\u00e9ter \u00dcgyv\u00e9di T\u00e1rsul\u00e1s","article_published_time":"2026-03-27T03:20:41+00:00","article_modified_time":"2026-08-31T11:08:54+00:00","author":"Nx_6ab509f5329c","twitter_card":"summary_large_image","twitter_misc":{"Written by":"Nx_6ab509f5329c","Estimated reading time":"3 minutes"},"schema":{"@context":"https:\/\/schema.org","@graph":[{"@type":"Article","@id":"https:\/\/snlegal.hu\/wie-modernes-wohnen-im-alter-mit-gemeinschaft-und-individualitat-hand-in-hand-geht\/#article","isPartOf":{"@id":"https:\/\/snlegal.hu\/wie-modernes-wohnen-im-alter-mit-gemeinschaft-und-individualitat-hand-in-hand-geht\/"},"author":{"name":"Nx_6ab509f5329c","@id":"https:\/\/snlegal.hu\/#\/schema\/person\/520ecdccb9e03db4513835073149424a"},"headline":"Wie modernes Wohnen im Alter mit Gemeinschaft und Individualit\u00e4t Hand in Hand geht","datePublished":"2026-03-27T03:20:41+00:00","dateModified":"2026-08-31T11:08:54+00:00","mainEntityOfPage":{"@id":"https:\/\/snlegal.hu\/wie-modernes-wohnen-im-alter-mit-gemeinschaft-und-individualitat-hand-in-hand-geht\/"},"wordCount":686,"articleSection":["Uncategorized"],"inLanguage":"en-GB"},{"@type":"WebPage","@id":"https:\/\/snlegal.hu\/wie-modernes-wohnen-im-alter-mit-gemeinschaft-und-individualitat-hand-in-hand-geht\/","url":"https:\/\/snlegal.hu\/wie-modernes-wohnen-im-alter-mit-gemeinschaft-und-individualitat-hand-in-hand-geht\/","name":"Wie modernes Wohnen im Alter mit Gemeinschaft und Individualit\u00e4t Hand in Hand geht - Dr. Sim\u00e1nyi Zsolt &amp; Dr. N\u00e9very P\u00e9ter \u00dcgyv\u00e9di T\u00e1rsul\u00e1s","isPartOf":{"@id":"https:\/\/snlegal.hu\/#website"},"datePublished":"2026-03-27T03:20:41+00:00","dateModified":"2026-08-31T11:08:54+00:00","author":{"@id":"https:\/\/snlegal.hu\/#\/schema\/person\/520ecdccb9e03db4513835073149424a"},"breadcrumb":{"@id":"https:\/\/snlegal.hu\/wie-modernes-wohnen-im-alter-mit-gemeinschaft-und-individualitat-hand-in-hand-geht\/#breadcrumb"},"inLanguage":"en-GB","potentialAction":[{"@type":"ReadAction","target":["https:\/\/snlegal.hu\/wie-modernes-wohnen-im-alter-mit-gemeinschaft-und-individualitat-hand-in-hand-geht\/"]}]},{"@type":"BreadcrumbList","@id":"https:\/\/snlegal.hu\/wie-modernes-wohnen-im-alter-mit-gemeinschaft-und-individualitat-hand-in-hand-geht\/#breadcrumb","itemListElement":[{"@type":"ListItem","position":1,"name":"Kezd\u0151lap","item":"https:\/\/snlegal.hu\/"},{"@type":"ListItem","position":2,"name":"Wie modernes Wohnen im Alter mit Gemeinschaft und Individualit\u00e4t Hand in Hand geht"}]},{"@type":"WebSite","@id":"https:\/\/snlegal.hu\/#website","url":"https:\/\/snlegal.hu\/","name":"Dr. Sim\u00e1nyi Zsolt &amp; Dr. N\u00e9very P\u00e9ter \u00dcgyv\u00e9di T\u00e1rsul\u00e1s","description":"","potentialAction":[{"@type":"SearchAction","target":{"@type":"EntryPoint","urlTemplate":"https:\/\/snlegal.hu\/?s={search_term_string}"},"query-input":{"@type":"PropertyValueSpecification","valueRequired":true,"valueName":"search_term_string"}}],"inLanguage":"en-GB"},{"@type":"Person","@id":"https:\/\/snlegal.hu\/#\/schema\/person\/520ecdccb9e03db4513835073149424a","name":"Nx_6ab509f5329c","image":{"@type":"ImageObject","inLanguage":"en-GB","@id":"https:\/\/secure.gravatar.com\/avatar\/e3ab292c1422dd8df62f2869cd6a692fd6112b5c779024081e9afffba3d59505?s=96&d=mm&r=g","url":"https:\/\/secure.gravatar.com\/avatar\/e3ab292c1422dd8df62f2869cd6a692fd6112b5c779024081e9afffba3d59505?s=96&d=mm&r=g","contentUrl":"https:\/\/secure.gravatar.com\/avatar\/e3ab292c1422dd8df62f2869cd6a692fd6112b5c779024081e9afffba3d59505?s=96&d=mm&r=g","caption":"Nx_6ab509f5329c"},"url":"https:\/\/snlegal.hu\/en\/author\/nx_6ab509f5329c\/"}]}},"_links":{"self":[{"href":"https:\/\/snlegal.hu\/en\/wp-json\/wp\/v2\/posts\/117621","targetHints":{"allow":["GET"]}}],"collection":[{"href":"https:\/\/snlegal.hu\/en\/wp-json\/wp\/v2\/posts"}],"about":[{"href":"https:\/\/snlegal.hu\/en\/wp-json\/wp\/v2\/types\/post"}],"author":[{"embeddable":true,"href":"https:\/\/snlegal.hu\/en\/wp-json\/wp\/v2\/users\/4"}],"replies":[{"embeddable":true,"href":"https:\/\/snlegal.hu\/en\/wp-json\/wp\/v2\/comments?post=117621"}],"version-history":[{"count":1,"href":"https:\/\/snlegal.hu\/en\/wp-json\/wp\/v2\/posts\/117621\/revisions"}],"predecessor-version":[{"id":117623,"href":"https:\/\/snlegal.hu\/en\/wp-json\/wp\/v2\/posts\/117621\/revisions\/117623"}],"wp:attachment":[{"href":"https:\/\/snlegal.hu\/en\/wp-json\/wp\/v2\/media?parent=117621"}],"wp:term":[{"taxonomy":"category","embeddable":true,"href":"https:\/\/snlegal.hu\/en\/wp-json\/wp\/v2\/categories?post=117621"},{"taxonomy":"post_tag","embeddable":true,"href":"https:\/\/snlegal.hu\/en\/wp-json\/wp\/v2\/tags?post=117621"}],"curies":[{"name":"wp","href":"https:\/\/api.w.org\/{rel}","templated":true}]}}